{"id":697,"date":"2025-03-11T15:55:55","date_gmt":"2025-03-11T14:55:55","guid":{"rendered":"https:\/\/agrippetoi.org\/?p=697"},"modified":"2025-03-18T15:57:21","modified_gmt":"2025-03-18T14:57:21","slug":"interview-avec-franck-devulder","status":"publish","type":"post","link":"https:\/\/agrippetoi.org\/index.php\/2025\/03\/11\/interview-avec-franck-devulder\/","title":{"rendered":"Interview avec Franck Devulder"},"content":{"rendered":"\n<p>\u00ab\u00a0Le r\u00f4le majeur des m\u00e9decins dans une politique vaccinale qui doit \u00eatre accrue.\u00a0\u00bb Le Dr <a href=\"https:\/\/www.linkedin.com\/in\/ACoAABBK9u0B8Lzcbd9Ri58iz41f47UUHkXMN9Y\"><\/a><a href=\"https:\/\/www.linkedin.com\/in\/franck-devulder-83966377\/\">Franck Devulder<\/a>, pr\u00e9sident de la <a href=\"https:\/\/www.linkedin.com\/company\/csmf\/\">CSMF<\/a> et membre de la coalition A-Grippe-Toi, nous rappelle l&rsquo;importance du r\u00f4le des m\u00e9decins qu&rsquo;il d\u00e9crit comme \u00ab\u00a0l&rsquo;un des vecteurs qui assurent la promotion des vaccinations hivernales\u00a0\u00bb. Il insiste sur la n\u00e9cessit\u00e9 de se prot\u00e9ger contre la <a href=\"https:\/\/www.linkedin.com\/feed\/hashtag\/?keywords=grippe&amp;highlightedUpdateUrns=urn%3Ali%3Aactivity%3A7302729450549305345\">grippe<\/a> par la <a href=\"https:\/\/www.linkedin.com\/feed\/hashtag\/?keywords=vaccination&amp;highlightedUpdateUrns=urn%3Ali%3Aactivity%3A7302729450549305345\">vaccination<\/a> en mettant en avant des donn\u00e9es factuelles, bas\u00e9es sur des chiffres (niveau de protection, risque \u00e9pid\u00e9mique).<br><br>Il alerte sur l&#8217;embolisation des urgences et les cons\u00e9quences li\u00e9es \u00e0 l&rsquo;activation des plans blancs. Interrogeons les r\u00e9animateurs, ils le diront tous : cet hiver, tous les patients admis dans les services d&rsquo;urgence en raison d&rsquo;une grippe s\u00e9v\u00e8re, r\u00e9pondaient tous \u00e0 la m\u00eame caract\u00e9ristique : c&rsquo;\u00e9taient des personnes non-vaccin\u00e9es !<br><br>Consid\u00e9rons \u00e9galement une plus grande facilit\u00e9 d&rsquo;acc\u00e8s aux vaccins anti-grippaux permettant de vacciner plus ais\u00e9ment les patients dans le cadre d&rsquo;une consultation.<br><br>Pour un passage facilit\u00e9 et r\u00e9ussi d&rsquo;une m\u00e9decine curative \u00e0 une m\u00e9decine pr\u00e9ventive : acculturons, sensibilisons, incitons et valorisons la pr\u00e9vention !<\/p>\n\n\n\n<iframe src=\"https:\/\/www.linkedin.com\/embed\/feed\/update\/urn:li:ugcPost:7302729052711190529?compact=1\" height=\"399\" width=\"504\" frameborder=\"0\" allowfullscreen=\"\" title=\"Post int\u00e9gr\u00e9\"><\/iframe>\n\n\n\n<p><\/p>\n","protected":false},"excerpt":{"rendered":"<p>\u00ab\u00a0Le r\u00f4le majeur des m\u00e9decins dans une politique vaccinale qui doit \u00eatre accrue.\u00a0\u00bb Le Dr Franck Devulder, pr\u00e9sident de la [&hellip;]<\/p>\n","protected":false},"author":2,"featured_media":698,"comment_status":"open","ping_status":"open","sticky":false,"template":"","format":"standard","meta":{"site-sidebar-layout":"default","site-content-layout":"","ast-site-content-layout":"","site-content-style":"default","site-sidebar-style":"default","ast-global-header-display":"","ast-banner-title-visibility":"","ast-main-header-display":"","ast-hfb-above-header-display":"","ast-hfb-below-header-display":"","ast-hfb-mobile-header-display":"","site-post-title":"","ast-breadcrumbs-content":"","ast-featured-img":"","footer-sml-layout":"","theme-transparent-header-meta":"","adv-header-id-meta":"","stick-header-meta":"","header-above-stick-meta":"","header-main-stick-meta":"","header-below-stick-meta":"","astra-migrate-meta-layouts":"default","ast-page-background-enabled":"default","ast-page-background-meta":{"desktop":{"background-color":"var(--ast-global-color-4)","background-image":"","background-repeat":"repeat","background-position":"center center","background-size":"auto","background-attachment":"scroll","background-type":"","background-media":"","overlay-type":"","overlay-color":"","overlay-opacity":"","overlay-gradient":""},"tablet":{"background-color":"","background-image":"","background-repeat":"repeat","background-position":"center center","background-size":"auto","background-attachment":"scroll","background-type":"","background-media":"","overlay-type":"","overlay-color":"","overlay-opacity":"","overlay-gradient":""},"mobile":{"background-color":"","background-image":"","background-repeat":"repeat","background-position":"center center","background-size":"auto","background-attachment":"scroll","background-type":"","background-media":"","overlay-type":"","overlay-color":"","overlay-opacity":"","overlay-gradient":""}},"ast-content-background-meta":{"desktop":{"background-color":"var(--ast-global-color-5)","background-image":"","background-repeat":"repeat","background-position":"center center","background-size":"auto","background-attachment":"scroll","background-type":"","background-media":"","overlay-type":"","overlay-color":"","overlay-opacity":"","overlay-gradient":""},"tablet":{"background-color":"var(--ast-global-color-5)","background-image":"","background-repeat":"repeat","background-position":"center center","background-size":"auto","background-attachment":"scroll","background-type":"","background-media":"","overlay-type":"","overlay-color":"","overlay-opacity":"","overlay-gradient":""},"mobile":{"background-color":"var(--ast-global-color-5)","background-image":"","background-repeat":"repeat","background-position":"center center","background-size":"auto","background-attachment":"scroll","background-type":"","background-media":"","overlay-type":"","overlay-color":"","overlay-opacity":"","overlay-gradient":""}},"footnotes":""},"categories":[8],"tags":[],"class_list":["post-697","post","type-post","status-publish","format-standard","has-post-thumbnail","hentry","category-coalition"],"yoast_head":"<!-- This site is optimized with the Yoast SEO plugin v25.5 - https:\/\/yoast.com\/wordpress\/plugins\/seo\/ -->\n<title>Interview avec Franck Devulder - WordPress<\/title>\n<meta name=\"robots\" content=\"index, follow, max-snippet:-1, max-image-preview:large, max-video-preview:-1\" \/>\n<link rel=\"canonical\" href=\"https:\/\/agrippetoi.org\/index.php\/2025\/03\/11\/interview-avec-franck-devulder\/\" \/>\n<meta property=\"og:locale\" content=\"fr_FR\" \/>\n<meta property=\"og:type\" content=\"article\" \/>\n<meta property=\"og:title\" content=\"Interview avec Franck Devulder - WordPress\" \/>\n<meta property=\"og:description\" content=\"\u00ab\u00a0Le r\u00f4le majeur des m\u00e9decins dans une politique vaccinale qui doit \u00eatre accrue.\u00a0\u00bb Le Dr Franck Devulder, pr\u00e9sident de la [&hellip;]\" \/>\n<meta property=\"og:url\" content=\"https:\/\/agrippetoi.org\/index.php\/2025\/03\/11\/interview-avec-franck-devulder\/\" \/>\n<meta property=\"og:site_name\" content=\"WordPress\" \/>\n<meta property=\"article:published_time\" content=\"2025-03-11T14:55:55+00:00\" \/>\n<meta property=\"article:modified_time\" content=\"2025-03-18T14:57:21+00:00\" \/>\n<meta property=\"og:image\" content=\"https:\/\/agrippetoi.org\/wp-content\/uploads\/2025\/03\/Franck.png\" \/>\n\t<meta property=\"og:image:width\" content=\"1632\" \/>\n\t<meta property=\"og:image:height\" content=\"831\" \/>\n\t<meta property=\"og:image:type\" content=\"image\/png\" \/>\n<meta name=\"author\" content=\"Mickael\" \/>\n<meta name=\"twitter:card\" content=\"summary_large_image\" \/>\n<meta name=\"twitter:label1\" content=\"\u00c9crit par\" \/>\n\t<meta name=\"twitter:data1\" content=\"Mickael\" \/>\n\t<meta name=\"twitter:label2\" content=\"Dur\u00e9e de lecture estim\u00e9e\" \/>\n\t<meta name=\"twitter:data2\" content=\"2 minutes\" \/>\n<script type=\"application\/ld+json\" class=\"yoast-schema-graph\">{\"@context\":\"https:\/\/schema.org\",\"@graph\":[{\"@type\":\"Article\",\"@id\":\"https:\/\/agrippetoi.org\/index.php\/2025\/03\/11\/interview-avec-franck-devulder\/#article\",\"isPartOf\":{\"@id\":\"https:\/\/agrippetoi.org\/index.php\/2025\/03\/11\/interview-avec-franck-devulder\/\"},\"author\":{\"name\":\"Mickael\",\"@id\":\"https:\/\/agrippetoi.org\/#\/schema\/person\/6f8a4588b5fe2a32acc225a085617e21\"},\"headline\":\"Interview avec Franck Devulder\",\"datePublished\":\"2025-03-11T14:55:55+00:00\",\"dateModified\":\"2025-03-18T14:57:21+00:00\",\"mainEntityOfPage\":{\"@id\":\"https:\/\/agrippetoi.org\/index.php\/2025\/03\/11\/interview-avec-franck-devulder\/\"},\"wordCount\":196,\"commentCount\":0,\"publisher\":{\"@id\":\"https:\/\/agrippetoi.org\/#organization\"},\"image\":{\"@id\":\"https:\/\/agrippetoi.org\/index.php\/2025\/03\/11\/interview-avec-franck-devulder\/#primaryimage\"},\"thumbnailUrl\":\"https:\/\/agrippetoi.org\/wp-content\/uploads\/2025\/03\/Franck.png\",\"articleSection\":[\"A-grippe-toi\"],\"inLanguage\":\"fr-FR\",\"potentialAction\":[{\"@type\":\"CommentAction\",\"name\":\"Comment\",\"target\":[\"https:\/\/agrippetoi.org\/index.php\/2025\/03\/11\/interview-avec-franck-devulder\/#respond\"]}]},{\"@type\":\"WebPage\",\"@id\":\"https:\/\/agrippetoi.org\/index.php\/2025\/03\/11\/interview-avec-franck-devulder\/\",\"url\":\"https:\/\/agrippetoi.org\/index.php\/2025\/03\/11\/interview-avec-franck-devulder\/\",\"name\":\"Interview avec Franck Devulder - WordPress\",\"isPartOf\":{\"@id\":\"https:\/\/agrippetoi.org\/#website\"},\"primaryImageOfPage\":{\"@id\":\"https:\/\/agrippetoi.org\/index.php\/2025\/03\/11\/interview-avec-franck-devulder\/#primaryimage\"},\"image\":{\"@id\":\"https:\/\/agrippetoi.org\/index.php\/2025\/03\/11\/interview-avec-franck-devulder\/#primaryimage\"},\"thumbnailUrl\":\"https:\/\/agrippetoi.org\/wp-content\/uploads\/2025\/03\/Franck.png\",\"datePublished\":\"2025-03-11T14:55:55+00:00\",\"dateModified\":\"2025-03-18T14:57:21+00:00\",\"breadcrumb\":{\"@id\":\"https:\/\/agrippetoi.org\/index.php\/2025\/03\/11\/interview-avec-franck-devulder\/#breadcrumb\"},\"inLanguage\":\"fr-FR\",\"potentialAction\":[{\"@type\":\"ReadAction\",\"target\":[\"https:\/\/agrippetoi.org\/index.php\/2025\/03\/11\/interview-avec-franck-devulder\/\"]}]},{\"@type\":\"ImageObject\",\"inLanguage\":\"fr-FR\",\"@id\":\"https:\/\/agrippetoi.org\/index.php\/2025\/03\/11\/interview-avec-franck-devulder\/#primaryimage\",\"url\":\"https:\/\/agrippetoi.org\/wp-content\/uploads\/2025\/03\/Franck.png\",\"contentUrl\":\"https:\/\/agrippetoi.org\/wp-content\/uploads\/2025\/03\/Franck.png\",\"width\":1632,\"height\":831},{\"@type\":\"BreadcrumbList\",\"@id\":\"https:\/\/agrippetoi.org\/index.php\/2025\/03\/11\/interview-avec-franck-devulder\/#breadcrumb\",\"itemListElement\":[{\"@type\":\"ListItem\",\"position\":1,\"name\":\"Accueil\",\"item\":\"https:\/\/agrippetoi.org\/\"},{\"@type\":\"ListItem\",\"position\":2,\"name\":\"Interview avec Franck Devulder\"}]},{\"@type\":\"WebSite\",\"@id\":\"https:\/\/agrippetoi.org\/#website\",\"url\":\"https:\/\/agrippetoi.org\/\",\"name\":\"A-grippe-toi\",\"description\":\"\",\"publisher\":{\"@id\":\"https:\/\/agrippetoi.org\/#organization\"},\"potentialAction\":[{\"@type\":\"SearchAction\",\"target\":{\"@type\":\"EntryPoint\",\"urlTemplate\":\"https:\/\/agrippetoi.org\/?s={search_term_string}\"},\"query-input\":{\"@type\":\"PropertyValueSpecification\",\"valueRequired\":true,\"valueName\":\"search_term_string\"}}],\"inLanguage\":\"fr-FR\"},{\"@type\":\"Organization\",\"@id\":\"https:\/\/agrippetoi.org\/#organization\",\"name\":\"A-grippe-toi\",\"url\":\"https:\/\/agrippetoi.org\/\",\"logo\":{\"@type\":\"ImageObject\",\"inLanguage\":\"fr-FR\",\"@id\":\"https:\/\/agrippetoi.org\/#\/schema\/logo\/image\/\",\"url\":\"https:\/\/agrippetoi.org\/wp-content\/uploads\/2024\/09\/cropped-logo-1.png\",\"contentUrl\":\"https:\/\/agrippetoi.org\/wp-content\/uploads\/2024\/09\/cropped-logo-1.png\",\"width\":2028,\"height\":445,\"caption\":\"A-grippe-toi\"},\"image\":{\"@id\":\"https:\/\/agrippetoi.org\/#\/schema\/logo\/image\/\"}},{\"@type\":\"Person\",\"@id\":\"https:\/\/agrippetoi.org\/#\/schema\/person\/6f8a4588b5fe2a32acc225a085617e21\",\"name\":\"Mickael\",\"image\":{\"@type\":\"ImageObject\",\"inLanguage\":\"fr-FR\",\"@id\":\"https:\/\/agrippetoi.org\/#\/schema\/person\/image\/\",\"url\":\"https:\/\/secure.gravatar.com\/avatar\/8390f013c4dbbdfac393a98044df8fc0b674c43c46d914a0b4299ad672602c10?s=96&d=mm&r=g\",\"contentUrl\":\"https:\/\/secure.gravatar.com\/avatar\/8390f013c4dbbdfac393a98044df8fc0b674c43c46d914a0b4299ad672602c10?s=96&d=mm&r=g\",\"caption\":\"Mickael\"},\"url\":\"https:\/\/agrippetoi.org\/index.php\/author\/mickael\/\"}]}<\/script>\n<!-- \/ Yoast SEO plugin. -->","yoast_head_json":{"title":"Interview avec Franck Devulder - WordPress","robots":{"index":"index","follow":"follow","max-snippet":"max-snippet:-1","max-image-preview":"max-image-preview:large","max-video-preview":"max-video-preview:-1"},"canonical":"https:\/\/agrippetoi.org\/index.php\/2025\/03\/11\/interview-avec-franck-devulder\/","og_locale":"fr_FR","og_type":"article","og_title":"Interview avec Franck Devulder - WordPress","og_description":"\u00ab\u00a0Le r\u00f4le majeur des m\u00e9decins dans une politique vaccinale qui doit \u00eatre accrue.\u00a0\u00bb Le Dr Franck Devulder, pr\u00e9sident de la [&hellip;]","og_url":"https:\/\/agrippetoi.org\/index.php\/2025\/03\/11\/interview-avec-franck-devulder\/","og_site_name":"WordPress","article_published_time":"2025-03-11T14:55:55+00:00","article_modified_time":"2025-03-18T14:57:21+00:00","og_image":[{"width":1632,"height":831,"url":"https:\/\/agrippetoi.org\/wp-content\/uploads\/2025\/03\/Franck.png","type":"image\/png"}],"author":"Mickael","twitter_card":"summary_large_image","twitter_misc":{"\u00c9crit par":"Mickael","Dur\u00e9e de lecture estim\u00e9e":"2 minutes"},"schema":{"@context":"https:\/\/schema.org","@graph":[{"@type":"Article","@id":"https:\/\/agrippetoi.org\/index.php\/2025\/03\/11\/interview-avec-franck-devulder\/#article","isPartOf":{"@id":"https:\/\/agrippetoi.org\/index.php\/2025\/03\/11\/interview-avec-franck-devulder\/"},"author":{"name":"Mickael","@id":"https:\/\/agrippetoi.org\/#\/schema\/person\/6f8a4588b5fe2a32acc225a085617e21"},"headline":"Interview avec Franck Devulder","datePublished":"2025-03-11T14:55:55+00:00","dateModified":"2025-03-18T14:57:21+00:00","mainEntityOfPage":{"@id":"https:\/\/agrippetoi.org\/index.php\/2025\/03\/11\/interview-avec-franck-devulder\/"},"wordCount":196,"commentCount":0,"publisher":{"@id":"https:\/\/agrippetoi.org\/#organization"},"image":{"@id":"https:\/\/agrippetoi.org\/index.php\/2025\/03\/11\/interview-avec-franck-devulder\/#primaryimage"},"thumbnailUrl":"https:\/\/agrippetoi.org\/wp-content\/uploads\/2025\/03\/Franck.png","articleSection":["A-grippe-toi"],"inLanguage":"fr-FR","potentialAction":[{"@type":"CommentAction","name":"Comment","target":["https:\/\/agrippetoi.org\/index.php\/2025\/03\/11\/interview-avec-franck-devulder\/#respond"]}]},{"@type":"WebPage","@id":"https:\/\/agrippetoi.org\/index.php\/2025\/03\/11\/interview-avec-franck-devulder\/","url":"https:\/\/agrippetoi.org\/index.php\/2025\/03\/11\/interview-avec-franck-devulder\/","name":"Interview avec Franck Devulder - WordPress","isPartOf":{"@id":"https:\/\/agrippetoi.org\/#website"},"primaryImageOfPage":{"@id":"https:\/\/agrippetoi.org\/index.php\/2025\/03\/11\/interview-avec-franck-devulder\/#primaryimage"},"image":{"@id":"https:\/\/agrippetoi.org\/index.php\/2025\/03\/11\/interview-avec-franck-devulder\/#primaryimage"},"thumbnailUrl":"https:\/\/agrippetoi.org\/wp-content\/uploads\/2025\/03\/Franck.png","datePublished":"2025-03-11T14:55:55+00:00","dateModified":"2025-03-18T14:57:21+00:00","breadcrumb":{"@id":"https:\/\/agrippetoi.org\/index.php\/2025\/03\/11\/interview-avec-franck-devulder\/#breadcrumb"},"inLanguage":"fr-FR","potentialAction":[{"@type":"ReadAction","target":["https:\/\/agrippetoi.org\/index.php\/2025\/03\/11\/interview-avec-franck-devulder\/"]}]},{"@type":"ImageObject","inLanguage":"fr-FR","@id":"https:\/\/agrippetoi.org\/index.php\/2025\/03\/11\/interview-avec-franck-devulder\/#primaryimage","url":"https:\/\/agrippetoi.org\/wp-content\/uploads\/2025\/03\/Franck.png","contentUrl":"https:\/\/agrippetoi.org\/wp-content\/uploads\/2025\/03\/Franck.png","width":1632,"height":831},{"@type":"BreadcrumbList","@id":"https:\/\/agrippetoi.org\/index.php\/2025\/03\/11\/interview-avec-franck-devulder\/#breadcrumb","itemListElement":[{"@type":"ListItem","position":1,"name":"Accueil","item":"https:\/\/agrippetoi.org\/"},{"@type":"ListItem","position":2,"name":"Interview avec Franck Devulder"}]},{"@type":"WebSite","@id":"https:\/\/agrippetoi.org\/#website","url":"https:\/\/agrippetoi.org\/","name":"A-grippe-toi","description":"","publisher":{"@id":"https:\/\/agrippetoi.org\/#organization"},"potentialAction":[{"@type":"SearchAction","target":{"@type":"EntryPoint","urlTemplate":"https:\/\/agrippetoi.org\/?s={search_term_string}"},"query-input":{"@type":"PropertyValueSpecification","valueRequired":true,"valueName":"search_term_string"}}],"inLanguage":"fr-FR"},{"@type":"Organization","@id":"https:\/\/agrippetoi.org\/#organization","name":"A-grippe-toi","url":"https:\/\/agrippetoi.org\/","logo":{"@type":"ImageObject","inLanguage":"fr-FR","@id":"https:\/\/agrippetoi.org\/#\/schema\/logo\/image\/","url":"https:\/\/agrippetoi.org\/wp-content\/uploads\/2024\/09\/cropped-logo-1.png","contentUrl":"https:\/\/agrippetoi.org\/wp-content\/uploads\/2024\/09\/cropped-logo-1.png","width":2028,"height":445,"caption":"A-grippe-toi"},"image":{"@id":"https:\/\/agrippetoi.org\/#\/schema\/logo\/image\/"}},{"@type":"Person","@id":"https:\/\/agrippetoi.org\/#\/schema\/person\/6f8a4588b5fe2a32acc225a085617e21","name":"Mickael","image":{"@type":"ImageObject","inLanguage":"fr-FR","@id":"https:\/\/agrippetoi.org\/#\/schema\/person\/image\/","url":"https:\/\/secure.gravatar.com\/avatar\/8390f013c4dbbdfac393a98044df8fc0b674c43c46d914a0b4299ad672602c10?s=96&d=mm&r=g","contentUrl":"https:\/\/secure.gravatar.com\/avatar\/8390f013c4dbbdfac393a98044df8fc0b674c43c46d914a0b4299ad672602c10?s=96&d=mm&r=g","caption":"Mickael"},"url":"https:\/\/agrippetoi.org\/index.php\/author\/mickael\/"}]}},"rttpg_featured_image_url":{"full":["https:\/\/agrippetoi.org\/wp-content\/uploads\/2025\/03\/Franck.png",1632,831,false],"landscape":["https:\/\/agrippetoi.org\/wp-content\/uploads\/2025\/03\/Franck.png",1632,831,false],"portraits":["https:\/\/agrippetoi.org\/wp-content\/uploads\/2025\/03\/Franck.png",1632,831,false],"thumbnail":["https:\/\/agrippetoi.org\/wp-content\/uploads\/2025\/03\/Franck-150x150.png",150,150,true],"medium":["https:\/\/agrippetoi.org\/wp-content\/uploads\/2025\/03\/Franck-300x153.png",300,153,true],"large":["https:\/\/agrippetoi.org\/wp-content\/uploads\/2025\/03\/Franck-1024x521.png",1024,521,true],"1536x1536":["https:\/\/agrippetoi.org\/wp-content\/uploads\/2025\/03\/Franck-1536x782.png",1536,782,true],"2048x2048":["https:\/\/agrippetoi.org\/wp-content\/uploads\/2025\/03\/Franck.png",1632,831,false]},"rttpg_author":{"display_name":"Mickael","author_link":"https:\/\/agrippetoi.org\/index.php\/author\/mickael\/"},"rttpg_comment":0,"rttpg_category":"<a href=\"https:\/\/agrippetoi.org\/index.php\/category\/coalition\/\" rel=\"category tag\">A-grippe-toi<\/a>","rttpg_excerpt":"\u00ab\u00a0Le r\u00f4le majeur des m\u00e9decins dans une politique vaccinale qui doit \u00eatre accrue.\u00a0\u00bb Le Dr Franck Devulder, pr\u00e9sident de la [&hellip;]","_links":{"self":[{"href":"https:\/\/agrippetoi.org\/index.php\/wp-json\/wp\/v2\/posts\/697","targetHints":{"allow":["GET"]}}],"collection":[{"href":"https:\/\/agrippetoi.org\/index.php\/wp-json\/wp\/v2\/posts"}],"about":[{"href":"https:\/\/agrippetoi.org\/index.php\/wp-json\/wp\/v2\/types\/post"}],"author":[{"embeddable":true,"href":"https:\/\/agrippetoi.org\/index.php\/wp-json\/wp\/v2\/users\/2"}],"replies":[{"embeddable":true,"href":"https:\/\/agrippetoi.org\/index.php\/wp-json\/wp\/v2\/comments?post=697"}],"version-history":[{"count":1,"href":"https:\/\/agrippetoi.org\/index.php\/wp-json\/wp\/v2\/posts\/697\/revisions"}],"predecessor-version":[{"id":699,"href":"https:\/\/agrippetoi.org\/index.php\/wp-json\/wp\/v2\/posts\/697\/revisions\/699"}],"wp:featuredmedia":[{"embeddable":true,"href":"https:\/\/agrippetoi.org\/index.php\/wp-json\/wp\/v2\/media\/698"}],"wp:attachment":[{"href":"https:\/\/agrippetoi.org\/index.php\/wp-json\/wp\/v2\/media?parent=697"}],"wp:term":[{"taxonomy":"category","embeddable":true,"href":"https:\/\/agrippetoi.org\/index.php\/wp-json\/wp\/v2\/categories?post=697"},{"taxonomy":"post_tag","embeddable":true,"href":"https:\/\/agrippetoi.org\/index.php\/wp-json\/wp\/v2\/tags?post=697"}],"curies":[{"name":"wp","href":"https:\/\/api.w.org\/{rel}","templated":true}]}}